{"id":62,"date":"2017-01-11T18:44:33","date_gmt":"2017-01-11T18:44:33","guid":{"rendered":"http:\/\/news.artcamp.de\/?p=62"},"modified":"2018-05-24T16:49:25","modified_gmt":"2018-05-24T16:49:25","slug":"62","status":"publish","type":"post","link":"http:\/\/news.artcamp.de\/?p=62","title":{"rendered":"Erwin Leber\u2019s \u201eProjektionen\u201c"},"content":{"rendered":"<figure id=\"attachment_63\" aria-describedby=\"caption-attachment-63\" style=\"width: 500px\" class=\"wp-caption alignnone\"><img decoding=\"async\" loading=\"lazy\" class=\"wp-image-63\" src=\"http:\/\/news.artcamp.de\/wp-content\/uploads\/2017\/01\/erwin-leber_portrait-2016_fotografie-franz-goder-940-300x225.jpg\" width=\"500\" height=\"375\" srcset=\"http:\/\/news.artcamp.de\/wp-content\/uploads\/2017\/01\/erwin-leber_portrait-2016_fotografie-franz-goder-940-300x225.jpg 300w, http:\/\/news.artcamp.de\/wp-content\/uploads\/2017\/01\/erwin-leber_portrait-2016_fotografie-franz-goder-940-768x576.jpg 768w, http:\/\/news.artcamp.de\/wp-content\/uploads\/2017\/01\/erwin-leber_portrait-2016_fotografie-franz-goder-940.jpg 940w\" sizes=\"(max-width: 500px) 100vw, 500px\" \/><figcaption id=\"caption-attachment-63\" class=\"wp-caption-text\">Erwin Leber lebt und arbeitet in Berlin und in der N\u00e4he von Berlin. \u00a9 Foto: Franz Goder<\/figcaption><\/figure>\n<div class=\"vis pos-11 size-11 cont-10\">\n<div class=\"cont-2\">\n<p class=\"para-7\"><span class=\"font-15\">\u201eEin Bild ist f\u00fcr mich dann gelungen, wenn ich den Eindruck habe, dass die von mir gesehene und als erregend empfundene Realit\u00e4t essentiell in dem von mir gestalteten Bild sichtbar bleibt, ohne die Realit\u00e4t abzubilden\u201c. \u00a0<\/span><span class=\"font-15\">Erwin Leber ringt im Schaffensprozess immer wieder um diese Bildaussage.\u00a0\u00a0Er pr\u00e4sentiert Ergebnisse als Aquarelle und \u00d6lpastelle in einer Ausstellung in der Burg Dringenberg unter dem Titel \u201eProjektionen &#8211; eine Naturreise durch Licht und Schatten\u201c. \u00a0 MEHR ZUR VERNISSAGE UND ZU ERWIN LEBER&#8217;S K\u00dcNSTLERISCHEM IMPETUS:<\/span><\/p>\n<p class=\"para-7\"><span class=\"font-15\"><a href=\"http:\/\/www.artcamp.de\/artists\/erwin_leber_ausstellung_projektionen_burg_dringenberg\/\" target=\"_blank\">http:\/\/www.artcamp.de\/artists\/erwin_leber_ausstellung_projektionen_burg_dringenberg\/<\/a><\/span><\/p>\n<\/div>\n<\/div>\n<div class=\"vis pos-12 size-12 cont-11\"><picture class=\"img-2\"><source srcset=\"images\/erwin-leber_portrait-2016_fotografie-franz-goder-470.jpg 1x, images\/erwin-leber_portrait-2016_fotografie-franz-goder-940.jpg 2x\" \/><\/picture><\/div>\n","protected":false},"excerpt":{"rendered":"<p>\u201eEin Bild ist f\u00fcr mich dann gelungen, wenn ich den Eindruck habe, dass die von mir gesehene und als erregend empfundene Realit\u00e4t essentiell in dem von mir gestalteten Bild sichtbar bleibt, ohne die Realit\u00e4t abzubilden\u201c. \u00a0Erwin Leber ringt im Schaffensprozess immer wieder um diese Bildaussage.\u00a0\u00a0Er pr\u00e4sentiert Ergebnisse als Aquarelle und \u00d6lpastelle in einer Ausstellung in &hellip; <\/p>\n<p class=\"link-more\"><a href=\"http:\/\/news.artcamp.de\/?p=62\" class=\"more-link\"><span class=\"screen-reader-text\">\u201eErwin Leber\u2019s \u201eProjektionen\u201c\u201c<\/span> weiterlesen<\/a><\/p>\n","protected":false},"author":1,"featured_media":0,"comment_status":"closed","ping_status":"open","sticky":false,"template":"","format":"standard","meta":[],"categories":[8,3,1,2],"tags":[],"_links":{"self":[{"href":"http:\/\/news.artcamp.de\/index.php?rest_route=\/wp\/v2\/posts\/62"}],"collection":[{"href":"http:\/\/news.artcamp.de\/index.php?rest_route=\/wp\/v2\/posts"}],"about":[{"href":"http:\/\/news.artcamp.de\/index.php?rest_route=\/wp\/v2\/types\/post"}],"author":[{"embeddable":true,"href":"http:\/\/news.artcamp.de\/index.php?rest_route=\/wp\/v2\/users\/1"}],"replies":[{"embeddable":true,"href":"http:\/\/news.artcamp.de\/index.php?rest_route=%2Fwp%2Fv2%2Fcomments&post=62"}],"version-history":[{"count":8,"href":"http:\/\/news.artcamp.de\/index.php?rest_route=\/wp\/v2\/posts\/62\/revisions"}],"predecessor-version":[{"id":128,"href":"http:\/\/news.artcamp.de\/index.php?rest_route=\/wp\/v2\/posts\/62\/revisions\/128"}],"wp:attachment":[{"href":"http:\/\/news.artcamp.de\/index.php?rest_route=%2Fwp%2Fv2%2Fmedia&parent=62"}],"wp:term":[{"taxonomy":"category","embeddable":true,"href":"http:\/\/news.artcamp.de\/index.php?rest_route=%2Fwp%2Fv2%2Fcategories&post=62"},{"taxonomy":"post_tag","embeddable":true,"href":"http:\/\/news.artcamp.de\/index.php?rest_route=%2Fwp%2Fv2%2Ftags&post=62"}],"curies":[{"name":"wp","href":"https:\/\/api.w.org\/{rel}","templated":true}]}}