{"id":371,"date":"2023-03-22T11:34:50","date_gmt":"2023-03-22T11:34:50","guid":{"rendered":"http:\/\/news.artcamp.de\/?p=371"},"modified":"2023-03-23T08:41:15","modified_gmt":"2023-03-23T08:41:15","slug":"heinrich-peuckmann-mensch-paedagoge-autor-pen-generalsekretaer-sprachbildner-versuch-eines-nachrufs","status":"publish","type":"post","link":"http:\/\/news.artcamp.de\/?p=371","title":{"rendered":"Heinrich Peuckmann &#8211; Mensch P\u00e4dagoge  Autor  PEN-Generalsekret\u00e4r Sprachbildner &#8211; Versuch eines Nachrufs"},"content":{"rendered":"\n<figure class=\"wp-block-image size-large\"><img decoding=\"async\" loading=\"lazy\" width=\"1024\" height=\"819\" src=\"http:\/\/news.artcamp.de\/wp-content\/uploads\/2023\/03\/heinrich_peuckmann_portrait_einsatz_fuer_die_menschenfamilie_foto_franz_goder-1024x819.jpg\" alt=\"\" class=\"wp-image-386\" srcset=\"http:\/\/news.artcamp.de\/wp-content\/uploads\/2023\/03\/heinrich_peuckmann_portrait_einsatz_fuer_die_menschenfamilie_foto_franz_goder-1024x819.jpg 1024w, http:\/\/news.artcamp.de\/wp-content\/uploads\/2023\/03\/heinrich_peuckmann_portrait_einsatz_fuer_die_menschenfamilie_foto_franz_goder-300x240.jpg 300w, http:\/\/news.artcamp.de\/wp-content\/uploads\/2023\/03\/heinrich_peuckmann_portrait_einsatz_fuer_die_menschenfamilie_foto_franz_goder-768x614.jpg 768w, http:\/\/news.artcamp.de\/wp-content\/uploads\/2023\/03\/heinrich_peuckmann_portrait_einsatz_fuer_die_menschenfamilie_foto_franz_goder.jpg 1500w\" sizes=\"(max-width: 767px) 89vw, (max-width: 1000px) 54vw, (max-width: 1071px) 543px, 580px\" \/><figcaption class=\"wp-element-caption\">Heinrich Peuckmann hatte immer einen klaren Blick f\u00fcr die Sorgen und N\u00f6te der Menschen. Als Autor war er, aufgewachsen in einer Bergmannsfamilie, mit seinen Sprachbildern oft im Ruhrgebiet unterwegs. Jetzt ist er im Alter von 73 Jahren in seiner Heimatstadt Kamen gestorben. <\/figcaption><\/figure>\n\n\n\n<p>\u00a9&nbsp; Text und Fotos: Franz Goder 2023<\/p>\n\n\n\n<p>Heinrich Peuckmann hat uns verlassen. Wann wir uns zum ersten Mal begegnet waren habe ich vergessen &#8211; es war vor einigen Jahrzehnten. Was ich schon fr\u00fch an Heinrich sch\u00e4tzte: Er war mit seinen Analysen, Gedanken und Handlungen immer nah bei den Menschen. Eigentlich hat er nach meiner Wahrnehmung mehrere Leben in einem Leben gelebt. Da gab es seine p\u00e4dagogische T\u00e4tigkeit, sein vielseitiges Schaffen als Autor, sein Engagement im sozialen und kulturellen Umfeld insbesondere auch f\u00fcr Schriftstellerinnen und Schriftsteller und nicht zuletzt war er Ehemann, Vater und Grossvater.<\/p>\n\n\n\n<p>Fast vier Jahrzehnte arbeitete er am Gymnasium der Stadt Bergkamen als p\u00e4dagogischer Begleiter mehrerer Generationen von Sch\u00fclerinnen und Sch\u00fclern, deren Kompetenzen er mit viel Engagement f\u00f6rderte. Das Fundament dazu  hatte er u.a. durch sein Universit\u00e4ts-Studium in den Bereichen Germanistik, Geschichte und evangelische Theologie gelegt.<\/p>\n\n\n\n<p>Anfang der 1980er Jahre hatte er beschlossen, als Autor seinen Wirkungskreis zu erweitern. Die Liste der Publikationen ist in den letzten vierzig Jahren sehr lang geworden: Erz\u00e4hlungen, Romane, Essays, Reportagen, Theaterst\u00fccke, H\u00f6rspiele, Kinderb\u00fccher, Krimis und Gedichte wurden Mittel der Wahl, um eigene Gedanken festzuhalten und sich anderen Menschen mitzuteilen.<\/p>\n\n\n\n<p>Heinrich Peuckmann wird mir  auch als aufmerksamer Zeitzeuge und engagierter Gestalter in Erinnerung bleiben.  Heinrich war Mitglied im PEN-Zentrum, engagierte sich im Verband deutscher Schriftstellerinnen und Schriftsteller sowie den Autorenvereinigungen \u201eDas Syndikat\u201c und \u201eDie Kogge\u201c.<\/p>\n\n\n\n<p>Mit dem Eintritt in den Ruhestand als P\u00e4dagoge verst\u00e4rkte er seinen Einsatz in der Kulturf\u00f6rderung. Er wurde 2013 in das Pr\u00e4sidium des PEN Deutschland gew\u00e4hlt und erz\u00e4hlte in den letzten Jahren mit Freude von seiner interessanten aber zeitintensiven T\u00e4tigkeit als dessen Generalsekret\u00e4r. <\/p>\n\n\n\n<p>Eine gewisse Tragik kann man darin sehen, dass er &#8211; der sich nicht erst in den letzten Jahren besonders f\u00fcr verfolgte Autoren  eingesetzt hatte &#8211; zum Schluss durch einen internen Machtkampf beim PEN-Zentrum Deutschland als Kontrahent des umstrittenen Vorsitzenden Deniz Y\u00fccel in die Schlagzeilen des deutschen Feuilletons geriet und sich in \u00fcbler Weise beschimpft, verleumdet und selber verfolgt f\u00fchlen konnte. Die auch als Intrigen wahrnehmbaren Vorg\u00e4nge sind an Heinrich Peuckmann nat\u00fcrlich nicht einfach abgeperlt. &#8222;Diese Infamien und Intrigen haben seiner Gesundheit sehr geschadet&#8220; bemerkte dazu Andreas Rumler, F\u00f6rder- und Freundeskreisbeauftragter des PEN Deutschland, in seinem Bericht \u00fcber die Trauerfeier.<\/p>\n\n\n\n<p>Jos\u00e9 F.A. Oliver, Pr\u00e4sident des PEN-Zentrums Deutschland, sagt zum Tod von Heinrich Peuckmann: \u201eSein Tod ersch\u00fcttert. Wir verdanken ihm viel. Vor allem seinen wohlwollenden Zuspruch. Sein unerm\u00fcdliches Engagement tr\u00e4gt den PEN bis heute. Das wird uns zum Verm\u00e4chtnis. Mit seinem Namen verbunden.&nbsp;..&#8220;<\/p>\n\n\n\n<p>Ein Lebensmotto von Heinrich Peuckmann h\u00e4tten nach meiner Erinnerung zwei Worte sein k\u00f6nnen, die vor l\u00e4ngerer Zeit der Ruhrgebietler J\u00fcrgen von Manger &#8211; die \u00c4lteren werden sich noch erinnern &#8211; am Ende seiner Erz\u00e4hlungen auf der B\u00fchne,  im Radio und TV sagte: &#8222;MENSCH  BLEIBEN&#8220;.<\/p>\n\n\n\n<p>Auf die Traueranzeige zum Tod am 3. M\u00e4rz 2023 setzte die Familie Heinrichs hoffnungsvolle und optimistische Worte: &#8222;M\u00f6ge es ein reiches Leben werden, eines voller Erf\u00fcllung. Die gibst du dann an deine Kinder weiter und die an ihre. Leben wir so alle fort. Bleibt Leben immer Leben.&#8220;<\/p>\n\n\n\n<p><\/p>\n\n\n\n<figure class=\"wp-block-image size-large\"><img decoding=\"async\" loading=\"lazy\" width=\"1024\" height=\"683\" src=\"http:\/\/news.artcamp.de\/wp-content\/uploads\/2023\/03\/heinrich_peuckmann_portrait_autorenlesung_nach_bei_den_menschen_foto_franz_goder-1-1024x683.jpg\" alt=\"\" class=\"wp-image-402\" srcset=\"http:\/\/news.artcamp.de\/wp-content\/uploads\/2023\/03\/heinrich_peuckmann_portrait_autorenlesung_nach_bei_den_menschen_foto_franz_goder-1-1024x683.jpg 1024w, http:\/\/news.artcamp.de\/wp-content\/uploads\/2023\/03\/heinrich_peuckmann_portrait_autorenlesung_nach_bei_den_menschen_foto_franz_goder-1-300x200.jpg 300w, http:\/\/news.artcamp.de\/wp-content\/uploads\/2023\/03\/heinrich_peuckmann_portrait_autorenlesung_nach_bei_den_menschen_foto_franz_goder-1-768x512.jpg 768w, http:\/\/news.artcamp.de\/wp-content\/uploads\/2023\/03\/heinrich_peuckmann_portrait_autorenlesung_nach_bei_den_menschen_foto_franz_goder-1.jpg 1500w\" sizes=\"(max-width: 767px) 89vw, (max-width: 1000px) 54vw, (max-width: 1071px) 543px, 580px\" \/><figcaption class=\"wp-element-caption\">Heinrich Peuckmann starb im M\u00e4rz 2023 im Alter von 73 Jahren. Viele Menschen werden ihn auch in Erinnerung behalten durch Begegnungen im Rahmen seiner Autorenlesungen. in gem\u00fctlicher Atmosph\u00e4re.<\/figcaption><\/figure>\n","protected":false},"excerpt":{"rendered":"<p>\u00a9&nbsp; Text und Fotos: Franz Goder 2023 Heinrich Peuckmann hat uns verlassen. Wann wir uns zum ersten Mal begegnet waren habe ich vergessen &#8211; es war vor einigen Jahrzehnten. Was ich schon fr\u00fch an Heinrich sch\u00e4tzte: Er war mit seinen Analysen, Gedanken und Handlungen immer nah bei den Menschen. Eigentlich hat er nach meiner Wahrnehmung &hellip; <\/p>\n<p class=\"link-more\"><a href=\"http:\/\/news.artcamp.de\/?p=371\" class=\"more-link\"><span class=\"screen-reader-text\">\u201eHeinrich Peuckmann &#8211; Mensch P\u00e4dagoge  Autor  PEN-Generalsekret\u00e4r Sprachbildner &#8211; Versuch eines Nachrufs\u201c<\/span> weiterlesen<\/a><\/p>\n","protected":false},"author":1,"featured_media":0,"comment_status":"closed","ping_status":"closed","sticky":false,"template":"","format":"standard","meta":[],"categories":[14,12,1],"tags":[15,16],"_links":{"self":[{"href":"http:\/\/news.artcamp.de\/index.php?rest_route=\/wp\/v2\/posts\/371"}],"collection":[{"href":"http:\/\/news.artcamp.de\/index.php?rest_route=\/wp\/v2\/posts"}],"about":[{"href":"http:\/\/news.artcamp.de\/index.php?rest_route=\/wp\/v2\/types\/post"}],"author":[{"embeddable":true,"href":"http:\/\/news.artcamp.de\/index.php?rest_route=\/wp\/v2\/users\/1"}],"replies":[{"embeddable":true,"href":"http:\/\/news.artcamp.de\/index.php?rest_route=%2Fwp%2Fv2%2Fcomments&post=371"}],"version-history":[{"count":27,"href":"http:\/\/news.artcamp.de\/index.php?rest_route=\/wp\/v2\/posts\/371\/revisions"}],"predecessor-version":[{"id":408,"href":"http:\/\/news.artcamp.de\/index.php?rest_route=\/wp\/v2\/posts\/371\/revisions\/408"}],"wp:attachment":[{"href":"http:\/\/news.artcamp.de\/index.php?rest_route=%2Fwp%2Fv2%2Fmedia&parent=371"}],"wp:term":[{"taxonomy":"category","embeddable":true,"href":"http:\/\/news.artcamp.de\/index.php?rest_route=%2Fwp%2Fv2%2Fcategories&post=371"},{"taxonomy":"post_tag","embeddable":true,"href":"http:\/\/news.artcamp.de\/index.php?rest_route=%2Fwp%2Fv2%2Ftags&post=371"}],"curies":[{"name":"wp","href":"https:\/\/api.w.org\/{rel}","templated":true}]}}