{"id":368,"date":"2023-02-18T14:05:35","date_gmt":"2023-02-18T14:05:35","guid":{"rendered":"http:\/\/news.artcamp.de\/?p=368"},"modified":"2023-02-18T14:05:35","modified_gmt":"2023-02-18T14:05:35","slug":"ingrid-heuchel-kreativhof-brakel-bellersen-landesgartenschau-nrw-2023","status":"publish","type":"post","link":"http:\/\/news.artcamp.de\/?p=368","title":{"rendered":"Ingrid Heuchel &#8211; Kreativhof Brakel-Bellersen &#8211; Landesgartenschau NRW 2023"},"content":{"rendered":"\n<figure class=\"wp-block-image size-full\"><img decoding=\"async\" loading=\"lazy\" width=\"600\" height=\"399\" src=\"http:\/\/news.artcamp.de\/wp-content\/uploads\/2023\/02\/ingrid_heuchel_kreativhof_in_brakel_bellersen_landesgartenschau_nrw_2023_foto_franz_goder.jpg\" alt=\"\" class=\"wp-image-367\" srcset=\"http:\/\/news.artcamp.de\/wp-content\/uploads\/2023\/02\/ingrid_heuchel_kreativhof_in_brakel_bellersen_landesgartenschau_nrw_2023_foto_franz_goder.jpg 600w, http:\/\/news.artcamp.de\/wp-content\/uploads\/2023\/02\/ingrid_heuchel_kreativhof_in_brakel_bellersen_landesgartenschau_nrw_2023_foto_franz_goder-300x200.jpg 300w\" sizes=\"(max-width: 600px) 100vw, 600px\" \/><figcaption class=\"wp-element-caption\"><em>Kontakt und Gespr\u00e4che mit Ingrid Heuchel sind immer wieder bereichernd. Das w\u00e4hrend des Besuches entstandene Foto zeigt sie voller Tatendrang und Vorfreude auf ihre kommende Ausstellung.w\u00e4hrend der Landesgartenschau 2023 in H\u00f6xter<\/em><\/figcaption><\/figure>\n\n\n\n<p>GERMANY \/ ALLEMAGNE \/ NRW \/ Brakel-Bellersen&nbsp;<\/p>\n\n\n\n<p>Sie ist eine feste Gr\u00f6sse in der Szene &#8211; Glask\u00fcnstlerin Ingrid Heuchel vom Kreativhof Bellersen, die mit ihren Arbeiten in den Dialog tritt mit dem sich im Laufe des Tages und der Jahreszeiten ver\u00e4ndernden unglaublichen Farbenreichtum des Lichts. Jetzt wurde sie berufen in eine Gruppe von 5 K\u00fcnstlerinnen und K\u00fcnstlern, die ihre Kunst in einem Glaspavillon auf der Landesgartenschau 2023 in H\u00f6xter jeweils einen Monat pr\u00e4sentieren d\u00fcrfen. Das wollen wir uns von Ihr genauer erz\u00e4hlen lassen. Wir haben uns mit Ingrid Heuchel in ihrem Kreativhof in Brakel-Bellersen verabredet.<\/p>\n\n\n\n<p><em>She is a permanent fixture on the scene &#8211; glass artist Ingrid Heuchel from &#8222;Kreativhof Bellersen&#8220;, whose work enters into a dialogue with the incredible wealth of colours in the light that changes in the course of the day and the seasons. Now she has been appointed to a group of 5 artists who will be allowed to present their art in a glass pavilion at the State Garden Show 2023 in H\u00f6xter for one month each. We would like to hear more about this from her. We have arranged to meet Ingrid Heuchel at her &#8222;Kreativhof&#8220; in Brakel- Bellersen.<\/em><\/p>\n\n\n\n<p>Lesen Sie hier weiter:<\/p>\n\n\n\n<p><a href=\"https:\/\/www.artcamp.de\/artists\/atelierbesuch_ingrid_heuchel_kreativhof_brakel_bellersen_landesgartenschau2023_hoexter_goders_foerderung_der_kunst_und_kultur\/\">https:\/\/www.artcamp.de\/artists\/atelierbesuch_ingrid_heuchel_kreativhof_brakel_bellersen_landesgartenschau2023_hoexter_goders_foerderung_der_kunst_und_kultur\/<\/a><\/p>\n","protected":false},"excerpt":{"rendered":"<p>GERMANY \/ ALLEMAGNE \/ NRW \/ Brakel-Bellersen&nbsp; Sie ist eine feste Gr\u00f6sse in der Szene &#8211; Glask\u00fcnstlerin Ingrid Heuchel vom Kreativhof Bellersen, die mit ihren Arbeiten in den Dialog tritt mit dem sich im Laufe des Tages und der Jahreszeiten ver\u00e4ndernden unglaublichen Farbenreichtum des Lichts. Jetzt wurde sie berufen in eine Gruppe von 5 K\u00fcnstlerinnen &hellip; <\/p>\n<p class=\"link-more\"><a href=\"http:\/\/news.artcamp.de\/?p=368\" class=\"more-link\"><span class=\"screen-reader-text\">\u201eIngrid Heuchel &#8211; Kreativhof Brakel-Bellersen &#8211; Landesgartenschau NRW 2023\u201c<\/span> weiterlesen<\/a><\/p>\n","protected":false},"author":1,"featured_media":0,"comment_status":"closed","ping_status":"closed","sticky":false,"template":"","format":"standard","meta":[],"categories":[5,8,9,1],"tags":[],"_links":{"self":[{"href":"http:\/\/news.artcamp.de\/index.php?rest_route=\/wp\/v2\/posts\/368"}],"collection":[{"href":"http:\/\/news.artcamp.de\/index.php?rest_route=\/wp\/v2\/posts"}],"about":[{"href":"http:\/\/news.artcamp.de\/index.php?rest_route=\/wp\/v2\/types\/post"}],"author":[{"embeddable":true,"href":"http:\/\/news.artcamp.de\/index.php?rest_route=\/wp\/v2\/users\/1"}],"replies":[{"embeddable":true,"href":"http:\/\/news.artcamp.de\/index.php?rest_route=%2Fwp%2Fv2%2Fcomments&post=368"}],"version-history":[{"count":1,"href":"http:\/\/news.artcamp.de\/index.php?rest_route=\/wp\/v2\/posts\/368\/revisions"}],"predecessor-version":[{"id":369,"href":"http:\/\/news.artcamp.de\/index.php?rest_route=\/wp\/v2\/posts\/368\/revisions\/369"}],"wp:attachment":[{"href":"http:\/\/news.artcamp.de\/index.php?rest_route=%2Fwp%2Fv2%2Fmedia&parent=368"}],"wp:term":[{"taxonomy":"category","embeddable":true,"href":"http:\/\/news.artcamp.de\/index.php?rest_route=%2Fwp%2Fv2%2Fcategories&post=368"},{"taxonomy":"post_tag","embeddable":true,"href":"http:\/\/news.artcamp.de\/index.php?rest_route=%2Fwp%2Fv2%2Ftags&post=368"}],"curies":[{"name":"wp","href":"https:\/\/api.w.org\/{rel}","templated":true}]}}