{"id":350,"date":"2022-05-26T09:47:22","date_gmt":"2022-05-26T09:47:22","guid":{"rendered":"http:\/\/news.artcamp.de\/?p=350"},"modified":"2022-05-26T09:53:43","modified_gmt":"2022-05-26T09:53:43","slug":"art-driburg-nach-druck-siebdruck","status":"publish","type":"post","link":"http:\/\/news.artcamp.de\/?p=350","title":{"rendered":"ART DRIBURG \u201eNACH-DRUCK\u201c  &#8211;  Siebdruck Ausstellung im Historischen Rathaus Dringenberg"},"content":{"rendered":"<figure id=\"attachment_351\" aria-describedby=\"caption-attachment-351\" style=\"width: 555px\" class=\"wp-caption alignnone\"><img decoding=\"async\" loading=\"lazy\" class=\"wp-image-351 size-full\" src=\"http:\/\/news.artcamp.de\/wp-content\/uploads\/2022\/05\/ARTD_Nachdruck_ausstellung_dringenberg_LinkBut.jpg\" alt=\"\" width=\"555\" height=\"472\" srcset=\"http:\/\/news.artcamp.de\/wp-content\/uploads\/2022\/05\/ARTD_Nachdruck_ausstellung_dringenberg_LinkBut.jpg 555w, http:\/\/news.artcamp.de\/wp-content\/uploads\/2022\/05\/ARTD_Nachdruck_ausstellung_dringenberg_LinkBut-300x255.jpg 300w\" sizes=\"(max-width: 555px) 100vw, 555px\" \/><figcaption id=\"caption-attachment-351\" class=\"wp-caption-text\">In den gemeinschaftlichen Siebdrucken werden deutlich sichtbar Kindheitserinnerungen reaktiviert. Vielfach dienen Familienfotos und Kinderzeichnungen als Bezugspunkte. \u00a9 text &amp; fotos: franz goder<\/figcaption><\/figure>\n<p class=\"p1 f15\">GERMANY \/ ALLEMAGNE \/ NRW \/ Bad Driburg-Dringenberg<\/p>\n<p class=\"p3 f15\">Der Titel \u201eNACH-DRUCK\u201c auf der Einladungskarte stellte uns zun\u00e4chst einige Fragen. Wir konnten nur spekulieren \u00fcber die Inhalte der im Historischen Rathaus Dringenberg vom Kunst- und Kulturverein ART<span class=\"f16\">D<\/span> Driburg pr\u00e4sentierten Ausstellung &#8211; so soll es ja auch sein. Dass es um Siebdruck gehen sollte war klar. Sollten da Gedanken mit Nachdruck vermittelt werden? Sollten\u00a0\u00a0Nachdrucke bereits fertiger Arbeiten pr\u00e4sentiert werden? Wir erklommen gespannt die Treppe zum Ausstellungsraum im ersten Stock des historischen Rathauses Dringenberg.<\/p>\n<p class=\"p3 f15\">Einige Ergebnisse des kreativen Schaffens der K\u00fcnstlerinnen Vera Jeserich, Dietlinde Fricke, Ursula R\u00fccker, Annette Wiesmann und Cornelia Appel aus dem Kreis des ArtDriburg von Werkstatt-Tagen in Siebdruck werden in der aktuellen Ausstellung im historischen Rathaus Dringenberg pr\u00e4sentiert.<\/p>\n<p class=\"p3 f15\"><a href=\"https:\/\/www.artcamp.de\/artists\/ausstellung_artdriburg_nachdruck_im_historischen_rathaus_dringenberg_bad_driburg_germany_allemagne\/\" target=\"_blank\" rel=\"noopener noreferrer\">Weiterlesen &#8211; Infos und Impressionen von der Vernissage zur Ausstellung&#8230;<\/a><\/p>\n","protected":false},"excerpt":{"rendered":"<p>GERMANY \/ ALLEMAGNE \/ NRW \/ Bad Driburg-Dringenberg Der Titel \u201eNACH-DRUCK\u201c auf der Einladungskarte stellte uns zun\u00e4chst einige Fragen. Wir konnten nur spekulieren \u00fcber die Inhalte der im Historischen Rathaus Dringenberg vom Kunst- und Kulturverein ARTD Driburg pr\u00e4sentierten Ausstellung &#8211; so soll es ja auch sein. Dass es um Siebdruck gehen sollte war klar. Sollten &hellip; <\/p>\n<p class=\"link-more\"><a href=\"http:\/\/news.artcamp.de\/?p=350\" class=\"more-link\"><span class=\"screen-reader-text\">\u201eART DRIBURG \u201eNACH-DRUCK\u201c  &#8211;  Siebdruck Ausstellung im Historischen Rathaus Dringenberg\u201c<\/span> weiterlesen<\/a><\/p>\n","protected":false},"author":1,"featured_media":0,"comment_status":"closed","ping_status":"closed","sticky":false,"template":"","format":"standard","meta":[],"categories":[8,4,1,2],"tags":[],"_links":{"self":[{"href":"http:\/\/news.artcamp.de\/index.php?rest_route=\/wp\/v2\/posts\/350"}],"collection":[{"href":"http:\/\/news.artcamp.de\/index.php?rest_route=\/wp\/v2\/posts"}],"about":[{"href":"http:\/\/news.artcamp.de\/index.php?rest_route=\/wp\/v2\/types\/post"}],"author":[{"embeddable":true,"href":"http:\/\/news.artcamp.de\/index.php?rest_route=\/wp\/v2\/users\/1"}],"replies":[{"embeddable":true,"href":"http:\/\/news.artcamp.de\/index.php?rest_route=%2Fwp%2Fv2%2Fcomments&post=350"}],"version-history":[{"count":4,"href":"http:\/\/news.artcamp.de\/index.php?rest_route=\/wp\/v2\/posts\/350\/revisions"}],"predecessor-version":[{"id":355,"href":"http:\/\/news.artcamp.de\/index.php?rest_route=\/wp\/v2\/posts\/350\/revisions\/355"}],"wp:attachment":[{"href":"http:\/\/news.artcamp.de\/index.php?rest_route=%2Fwp%2Fv2%2Fmedia&parent=350"}],"wp:term":[{"taxonomy":"category","embeddable":true,"href":"http:\/\/news.artcamp.de\/index.php?rest_route=%2Fwp%2Fv2%2Fcategories&post=350"},{"taxonomy":"post_tag","embeddable":true,"href":"http:\/\/news.artcamp.de\/index.php?rest_route=%2Fwp%2Fv2%2Ftags&post=350"}],"curies":[{"name":"wp","href":"https:\/\/api.w.org\/{rel}","templated":true}]}}