{"id":174,"date":"2017-05-31T11:12:53","date_gmt":"2017-05-31T11:12:53","guid":{"rendered":"http:\/\/news.artcamp.de\/?p=174"},"modified":"2018-05-24T16:48:23","modified_gmt":"2018-05-24T16:48:23","slug":"guenter-stangelmayer-fragmente-ausstellung-in-der-burg-dringenberg","status":"publish","type":"post","link":"http:\/\/news.artcamp.de\/?p=174","title":{"rendered":"G\u00fcnter Stangelmayer &#8222;Fragmente&#8220; Ausstellung in der Burg Dringenberg"},"content":{"rendered":"<figure id=\"attachment_175\" aria-describedby=\"caption-attachment-175\" style=\"width: 1000px\" class=\"wp-caption alignnone\"><img decoding=\"async\" loading=\"lazy\" class=\"wp-image-175 size-full\" src=\"http:\/\/news.artcamp.de\/wp-content\/uploads\/2017\/05\/ausstellung-fragmente_dringenberg_guenter-stangelmayer-portrait_foto-franz-goder.jpg\" width=\"1000\" height=\"667\" srcset=\"http:\/\/news.artcamp.de\/wp-content\/uploads\/2017\/05\/ausstellung-fragmente_dringenberg_guenter-stangelmayer-portrait_foto-franz-goder.jpg 1000w, http:\/\/news.artcamp.de\/wp-content\/uploads\/2017\/05\/ausstellung-fragmente_dringenberg_guenter-stangelmayer-portrait_foto-franz-goder-300x200.jpg 300w, http:\/\/news.artcamp.de\/wp-content\/uploads\/2017\/05\/ausstellung-fragmente_dringenberg_guenter-stangelmayer-portrait_foto-franz-goder-768x512.jpg 768w\" sizes=\"(max-width: 767px) 89vw, (max-width: 1000px) 54vw, (max-width: 1071px) 543px, 580px\" \/><figcaption id=\"caption-attachment-175\" class=\"wp-caption-text\">Der Kasseler K\u00fcnstler G\u00fcnter Stangelmayer hat nach seiner Ausbildung als Holzbildhauer und seinem mit Auszeichnung abgeschlossenen Studium der bildenden Kunst an der Kunsthochschule Kassel seine Leidenschaft f\u00fcr die k\u00fcnstlerische Arbeit mit Holz und Stahl entdeckt. \u00a9 foto: franz goder<\/figcaption><\/figure>\n<p>Da staunten die Stammbesucher der Ausstellungser\u00f6ffnungen in der Burg Dringenberg nicht schlecht. Nein &#8211; es ist kein neuer Innenausbau des Rittersaales der Burg Dringenberg geplant. Und ja &#8211; was spontan f\u00fcr manche Besucher auf den ersten Blick wirken k\u00f6nnte wie die Struktur einer neuen Raumaufteilung, entpuppt sich bei n\u00e4herem Hinsehen als Teil der Kunst des Kasseler K\u00fcnstlers G\u00fcnter Stangelmayer. \u00a0 Mehr &#8212;-&gt;<\/p>\n<p><a href=\"http:\/\/www.artcamp.de\/artists\/guenter_stangelmayer_ausstellung_fragmente_burg_dringenberg_und_historisches_rathaus_dringenberg\/\" target=\"_blank\">G\u00fcnter Stangelmayer &#8211; Ausstellung &#8222;Fragmente&#8220; in der Burg Dringenberg<\/a><\/p>\n","protected":false},"excerpt":{"rendered":"<p>Da staunten die Stammbesucher der Ausstellungser\u00f6ffnungen in der Burg Dringenberg nicht schlecht. Nein &#8211; es ist kein neuer Innenausbau des Rittersaales der Burg Dringenberg geplant. Und ja &#8211; was spontan f\u00fcr manche Besucher auf den ersten Blick wirken k\u00f6nnte wie die Struktur einer neuen Raumaufteilung, entpuppt sich bei n\u00e4herem Hinsehen als Teil der Kunst des &hellip; <\/p>\n<p class=\"link-more\"><a href=\"http:\/\/news.artcamp.de\/?p=174\" class=\"more-link\"><span class=\"screen-reader-text\">\u201eG\u00fcnter Stangelmayer &#8222;Fragmente&#8220; Ausstellung in der Burg Dringenberg\u201c<\/span> weiterlesen<\/a><\/p>\n","protected":false},"author":1,"featured_media":0,"comment_status":"closed","ping_status":"open","sticky":false,"template":"","format":"standard","meta":[],"categories":[8,3,4,1,2],"tags":[],"_links":{"self":[{"href":"http:\/\/news.artcamp.de\/index.php?rest_route=\/wp\/v2\/posts\/174"}],"collection":[{"href":"http:\/\/news.artcamp.de\/index.php?rest_route=\/wp\/v2\/posts"}],"about":[{"href":"http:\/\/news.artcamp.de\/index.php?rest_route=\/wp\/v2\/types\/post"}],"author":[{"embeddable":true,"href":"http:\/\/news.artcamp.de\/index.php?rest_route=\/wp\/v2\/users\/1"}],"replies":[{"embeddable":true,"href":"http:\/\/news.artcamp.de\/index.php?rest_route=%2Fwp%2Fv2%2Fcomments&post=174"}],"version-history":[{"count":1,"href":"http:\/\/news.artcamp.de\/index.php?rest_route=\/wp\/v2\/posts\/174\/revisions"}],"predecessor-version":[{"id":176,"href":"http:\/\/news.artcamp.de\/index.php?rest_route=\/wp\/v2\/posts\/174\/revisions\/176"}],"wp:attachment":[{"href":"http:\/\/news.artcamp.de\/index.php?rest_route=%2Fwp%2Fv2%2Fmedia&parent=174"}],"wp:term":[{"taxonomy":"category","embeddable":true,"href":"http:\/\/news.artcamp.de\/index.php?rest_route=%2Fwp%2Fv2%2Fcategories&post=174"},{"taxonomy":"post_tag","embeddable":true,"href":"http:\/\/news.artcamp.de\/index.php?rest_route=%2Fwp%2Fv2%2Ftags&post=174"}],"curies":[{"name":"wp","href":"https:\/\/api.w.org\/{rel}","templated":true}]}}