{"id":167,"date":"2017-05-27T18:05:28","date_gmt":"2017-05-27T18:05:28","guid":{"rendered":"http:\/\/news.artcamp.de\/?p=167"},"modified":"2018-05-24T16:48:32","modified_gmt":"2018-05-24T16:48:32","slug":"offene-ateliers-paderborn-2017-begleitausstellung","status":"publish","type":"post","link":"http:\/\/news.artcamp.de\/?p=167","title":{"rendered":"Offene Ateliers Paderborn 2017 Begleitausstellung"},"content":{"rendered":"<figure id=\"attachment_168\" aria-describedby=\"caption-attachment-168\" style=\"width: 1636px\" class=\"wp-caption alignnone\"><img decoding=\"async\" loading=\"lazy\" class=\"wp-image-168 size-full\" src=\"http:\/\/news.artcamp.de\/wp-content\/uploads\/2017\/05\/augen-auf-bei-der-atelierwahl_logo-1636.jpg\" width=\"1636\" height=\"760\" srcset=\"http:\/\/news.artcamp.de\/wp-content\/uploads\/2017\/05\/augen-auf-bei-der-atelierwahl_logo-1636.jpg 1636w, http:\/\/news.artcamp.de\/wp-content\/uploads\/2017\/05\/augen-auf-bei-der-atelierwahl_logo-1636-300x139.jpg 300w, http:\/\/news.artcamp.de\/wp-content\/uploads\/2017\/05\/augen-auf-bei-der-atelierwahl_logo-1636-768x357.jpg 768w, http:\/\/news.artcamp.de\/wp-content\/uploads\/2017\/05\/augen-auf-bei-der-atelierwahl_logo-1636-1024x476.jpg 1024w\" sizes=\"(max-width: 767px) 89vw, (max-width: 1000px) 54vw, (max-width: 1071px) 543px, 580px\" \/><figcaption id=\"caption-attachment-168\" class=\"wp-caption-text\">Ausstellung im Haus des Kunstvereins Paderborn \u00a9 Foto: Franz Goder<\/figcaption><\/figure>\n<p><span class=\"font-17\">\u201e<\/span><span class=\"font-17\">Augen auf bei der Atelierwahl\u201c k\u00f6nnte ein Ratschlag an Kunstinteressierte sein, die am 10. Juni 2017 oder 11. Juni 2017 offene Ateliers in Paderborn und Umgebung besuchen wollen<\/span><span class=\"font-17\">.<\/span><span class=\"font-17\"> Augen auf, weil die von den Kunstschaffenden pr\u00e4sentierten Arbeitsweisen sehr unterschiedlich sind und man sich deshalb eine Besuchstour ganz nach eigenen W\u00fcnschen zusammenstellen kann. Augen auf auch w\u00e4hrend der Besuche, weil nur so die Werke in ihrer Gesamtheit erfasst und gew\u00fcrdigt werden k\u00f6nnen. Mehr unter &#8212;&gt;<\/span><\/p>\n<p><a href=\"http:\/\/www.artcamp.de\/artists\/offene_ateliers_2017_paderborn_und_umgebung_eroeffnungsveranstaltung_begleitausstellung\/\" target=\"_blank\">offene ateliers 2017 paderborn Begleitausstellung<\/a><\/p>\n","protected":false},"excerpt":{"rendered":"<p>\u201eAugen auf bei der Atelierwahl\u201c k\u00f6nnte ein Ratschlag an Kunstinteressierte sein, die am 10. Juni 2017 oder 11. Juni 2017 offene Ateliers in Paderborn und Umgebung besuchen wollen. Augen auf, weil die von den Kunstschaffenden pr\u00e4sentierten Arbeitsweisen sehr unterschiedlich sind und man sich deshalb eine Besuchstour ganz nach eigenen W\u00fcnschen zusammenstellen kann. Augen auf auch &hellip; <\/p>\n<p class=\"link-more\"><a href=\"http:\/\/news.artcamp.de\/?p=167\" class=\"more-link\"><span class=\"screen-reader-text\">\u201eOffene Ateliers Paderborn 2017 Begleitausstellung\u201c<\/span> weiterlesen<\/a><\/p>\n","protected":false},"author":1,"featured_media":0,"comment_status":"closed","ping_status":"open","sticky":false,"template":"","format":"standard","meta":[],"categories":[1],"tags":[],"_links":{"self":[{"href":"http:\/\/news.artcamp.de\/index.php?rest_route=\/wp\/v2\/posts\/167"}],"collection":[{"href":"http:\/\/news.artcamp.de\/index.php?rest_route=\/wp\/v2\/posts"}],"about":[{"href":"http:\/\/news.artcamp.de\/index.php?rest_route=\/wp\/v2\/types\/post"}],"author":[{"embeddable":true,"href":"http:\/\/news.artcamp.de\/index.php?rest_route=\/wp\/v2\/users\/1"}],"replies":[{"embeddable":true,"href":"http:\/\/news.artcamp.de\/index.php?rest_route=%2Fwp%2Fv2%2Fcomments&post=167"}],"version-history":[{"count":3,"href":"http:\/\/news.artcamp.de\/index.php?rest_route=\/wp\/v2\/posts\/167\/revisions"}],"predecessor-version":[{"id":172,"href":"http:\/\/news.artcamp.de\/index.php?rest_route=\/wp\/v2\/posts\/167\/revisions\/172"}],"wp:attachment":[{"href":"http:\/\/news.artcamp.de\/index.php?rest_route=%2Fwp%2Fv2%2Fmedia&parent=167"}],"wp:term":[{"taxonomy":"category","embeddable":true,"href":"http:\/\/news.artcamp.de\/index.php?rest_route=%2Fwp%2Fv2%2Fcategories&post=167"},{"taxonomy":"post_tag","embeddable":true,"href":"http:\/\/news.artcamp.de\/index.php?rest_route=%2Fwp%2Fv2%2Ftags&post=167"}],"curies":[{"name":"wp","href":"https:\/\/api.w.org\/{rel}","templated":true}]}}