{"id":137,"date":"2017-02-16T22:18:57","date_gmt":"2017-02-16T22:18:57","guid":{"rendered":"http:\/\/news.artcamp.de\/?p=137"},"modified":"2018-05-24T16:48:54","modified_gmt":"2018-05-24T16:48:54","slug":"kunstpreisverleihung-an-christine-steuernagel","status":"publish","type":"post","link":"http:\/\/news.artcamp.de\/?p=137","title":{"rendered":"Kunstpreis Paderborn 2016 Verleihung an Christine Steuernagel"},"content":{"rendered":"<figure id=\"attachment_138\" aria-describedby=\"caption-attachment-138\" style=\"width: 1114px\" class=\"wp-caption alignnone\"><img decoding=\"async\" loading=\"lazy\" class=\"wp-image-138 size-full\" src=\"http:\/\/news.artcamp.de\/wp-content\/uploads\/2017\/02\/kunstpreis-2016_an_christine-steuernagel_02_sparkasse-paderborn_und_kunstverein-paderborn_foto-franz-goder-1114.jpg\" width=\"1114\" height=\"891\" srcset=\"http:\/\/news.artcamp.de\/wp-content\/uploads\/2017\/02\/kunstpreis-2016_an_christine-steuernagel_02_sparkasse-paderborn_und_kunstverein-paderborn_foto-franz-goder-1114.jpg 1114w, http:\/\/news.artcamp.de\/wp-content\/uploads\/2017\/02\/kunstpreis-2016_an_christine-steuernagel_02_sparkasse-paderborn_und_kunstverein-paderborn_foto-franz-goder-1114-300x240.jpg 300w, http:\/\/news.artcamp.de\/wp-content\/uploads\/2017\/02\/kunstpreis-2016_an_christine-steuernagel_02_sparkasse-paderborn_und_kunstverein-paderborn_foto-franz-goder-1114-768x614.jpg 768w, http:\/\/news.artcamp.de\/wp-content\/uploads\/2017\/02\/kunstpreis-2016_an_christine-steuernagel_02_sparkasse-paderborn_und_kunstverein-paderborn_foto-franz-goder-1114-1024x819.jpg 1024w\" sizes=\"(max-width: 767px) 89vw, (max-width: 1000px) 54vw, (max-width: 1071px) 543px, 580px\" \/><figcaption id=\"caption-attachment-138\" class=\"wp-caption-text\">2009 wurde Christine Steuernagel (2. von rechts) Mitglied bei European Artists e.V.. Christine Steuernagel lebt und arbeitet seit 45 Jahren als K\u00fcnstlerin in Paderborn, hat an zahlreichen nationalen und internationalen Gruppenausstellungen teilgenommen und dar\u00fcber hinaus etliche Einzelausstellungen bespielt. \u00a9 Foto: Franz Goder<\/figcaption><\/figure>\n<p><span class=\"font-15\">\u201e<\/span><span class=\"font-15\">In Christine Steuernagels Kunst kommt dem Faktor Zeit und damit der Geschichte ein zentrale Rolle zu, sei es inhaltlich, formal oder im Entstehungsprozess der Werke. F\u00fcr die K\u00fcnstlerin wirkt das Wissen um die Vergangenheit in die Zukunft hinein\u201c.\u00a0Die Lust, in historischen und zeitgeschichtlichen Bez\u00fcgen zu denken und die Erkenntnisse in k\u00fcnstlerischen Statements auszudr\u00fccken, war bei Christine Steuernagel sch\u00f6n fr\u00fch zu erkennen: Nach dem Lehramtsstudium mit Staatsexamen in den Bereichen Geografie, Kunst und Germanistik erweiterte sie ihre Erkenntnisf\u00e4higkeiten mit einem Magisterstudium in den Bereichen Philosophie und Kunst. \u00a0<em>Lesen und sehen Sie mehr &#8230;<\/em><\/span><\/p>\n<p><a href=\"http:\/\/www.artcamp.de\/artists\/christine-steuernagel_kunstpreis-2016-paderborn_sparkasse-paderborn-detmold\/\" target=\"_blank\">http:\/\/www.artcamp.de\/artists\/christine-steuernagel_kunstpreis-2016-paderborn_sparkasse-paderborn-detmold\/<\/a><\/p>\n","protected":false},"excerpt":{"rendered":"<p>\u201eIn Christine Steuernagels Kunst kommt dem Faktor Zeit und damit der Geschichte ein zentrale Rolle zu, sei es inhaltlich, formal oder im Entstehungsprozess der Werke. F\u00fcr die K\u00fcnstlerin wirkt das Wissen um die Vergangenheit in die Zukunft hinein\u201c.\u00a0Die Lust, in historischen und zeitgeschichtlichen Bez\u00fcgen zu denken und die Erkenntnisse in k\u00fcnstlerischen Statements auszudr\u00fccken, war bei &hellip; <\/p>\n<p class=\"link-more\"><a href=\"http:\/\/news.artcamp.de\/?p=137\" class=\"more-link\"><span class=\"screen-reader-text\">\u201eKunstpreis Paderborn 2016 Verleihung an Christine Steuernagel\u201c<\/span> weiterlesen<\/a><\/p>\n","protected":false},"author":1,"featured_media":0,"comment_status":"closed","ping_status":"open","sticky":false,"template":"","format":"standard","meta":[],"categories":[8,6,2],"tags":[],"_links":{"self":[{"href":"http:\/\/news.artcamp.de\/index.php?rest_route=\/wp\/v2\/posts\/137"}],"collection":[{"href":"http:\/\/news.artcamp.de\/index.php?rest_route=\/wp\/v2\/posts"}],"about":[{"href":"http:\/\/news.artcamp.de\/index.php?rest_route=\/wp\/v2\/types\/post"}],"author":[{"embeddable":true,"href":"http:\/\/news.artcamp.de\/index.php?rest_route=\/wp\/v2\/users\/1"}],"replies":[{"embeddable":true,"href":"http:\/\/news.artcamp.de\/index.php?rest_route=%2Fwp%2Fv2%2Fcomments&post=137"}],"version-history":[{"count":8,"href":"http:\/\/news.artcamp.de\/index.php?rest_route=\/wp\/v2\/posts\/137\/revisions"}],"predecessor-version":[{"id":147,"href":"http:\/\/news.artcamp.de\/index.php?rest_route=\/wp\/v2\/posts\/137\/revisions\/147"}],"wp:attachment":[{"href":"http:\/\/news.artcamp.de\/index.php?rest_route=%2Fwp%2Fv2%2Fmedia&parent=137"}],"wp:term":[{"taxonomy":"category","embeddable":true,"href":"http:\/\/news.artcamp.de\/index.php?rest_route=%2Fwp%2Fv2%2Fcategories&post=137"},{"taxonomy":"post_tag","embeddable":true,"href":"http:\/\/news.artcamp.de\/index.php?rest_route=%2Fwp%2Fv2%2Ftags&post=137"}],"curies":[{"name":"wp","href":"https:\/\/api.w.org\/{rel}","templated":true}]}}